{"id":1234,"date":"2026-01-27T22:51:11","date_gmt":"2026-01-28T01:51:11","guid":{"rendered":"https:\/\/diplan.com.br\/blog\/?p=1234"},"modified":"2026-03-26T06:39:17","modified_gmt":"2026-03-26T09:39:17","slug":"a-licao-de-branding-que-levei-uma-decada-para-aprender","status":"publish","type":"post","link":"https:\/\/diplan.com.br\/blog\/a-licao-de-branding-que-levei-uma-decada-para-aprender\/","title":{"rendered":"A li\u00e7\u00e3o de branding que levei uma d\u00e9cada para aprender"},"content":{"rendered":"\n<p>Em 2016, ganhei um presente do <a href=\"https:\/\/intensivobranding.my.canva.site\/bemp\">Marcos Bedendo<\/a>: o livro <a href=\"https:\/\/www.amazon.com.br\/Branding-Para-Empreendedores-Marcos-Bedendo\/dp\/8576802589\">Branding para Empreendedores<\/a>.<\/p>\n\n\n\n<p>Na \u00e9poca, agradeci, mas minha cabe\u00e7a estava em outro lugar. Visto que eu estava imerso no operacional, resolvendo problemas de TI, estruturando um e-commerce e focado na automa\u00e7\u00e3o de processos. O livro foi para a estante e a vida aconteceu, novos projetos surgiram e a correria do dia a dia acabou deixando a leitura para depois.<\/p>\n\n\n\n<p>Exatos 10 anos depois, finalmente peguei o livro para ler.<\/p>\n\n\n\n<p>A minha surpresa n\u00e3o foi a qualidade t\u00e9cnica do material, sabendo da trajet\u00f3ria do Marcos, isso era esperado. A surpresa real foi o fato de o conte\u00fado ser atemporal.<\/p>\n\n\n\n<h3 class=\"wp-block-heading\"><strong>A armadilha do t\u00e9cnico versus o estrategista<\/strong><\/h3>\n\n\n\n<p>Trabalhando com tecnologia, somos acostumados a buscar a pr\u00f3xima atualiza\u00e7\u00e3o. Estamos acostumados com ciclos de inova\u00e7\u00e3o constantes, onde as ferramentas mudam e evoluem o tempo todo. Mas os fundamentos de marca que o Bedendo descreve l\u00e1 atr\u00e1s continuam s\u00f3lidos. Eles funcionam como uma boia de salva\u00e7\u00e3o num mar de commodities.<\/p>\n\n\n\n<blockquote class=\"wp-block-quote is-layout-flow wp-block-quote-is-layout-flow\">\n<p>A principal li\u00e7\u00e3o que tirei dessa leitura tardia mudou minha vis\u00e3o: <strong>O branding n\u00e3o \u00e9 sobre deixar tudo bonito, mas sobre redu\u00e7\u00e3o de riscos.<\/strong><\/p>\n<\/blockquote>\n\n\n\n<h3 class=\"wp-block-heading\"><strong>O insight da Comidas Saud\u00e1veis da Suzy<\/strong><\/h3>\n\n\n\n<p>H\u00e1 um exemplo no livro que ilustra isso com clareza: o caso da <a href=\"https:\/\/dasuzy.com.br\/\">Comidas Saud\u00e1veis da Suzy<\/a>.<\/p>\n\n\n\n<p>Ao analisar esse cen\u00e1rio, fica evidente que o consumidor n\u00e3o est\u00e1 comprando apenas os ingredientes ou a refei\u00e7\u00e3o em si. Ele compra a promessa. A marca &#8220;Suzy&#8221; carrega a garantia de proced\u00eancia, de higiene e de que o alimento \u00e9 de fato, saud\u00e1vel. Se voc\u00ea retira a marca, sobra apenas o produto gen\u00e9rico, e com ele, a d\u00favida.<\/p>\n\n\n\n<p>Trazendo para o meu mercado a l\u00f3gica \u00e9 a mesma. O cliente corporativo n\u00e3o compra apenas linhas de c\u00f3digo ou uma plataforma. Ele compra a seguran\u00e7a de que o neg\u00f3cio dele n\u00e3o vai parar. A marca forte \u00e9 o atalho mental que diz: <strong>Pode confiar, pois aqui a entrega \u00e9 garantida<em>.<\/em><\/strong><\/p>\n\n\n\n<h3 class=\"wp-block-heading\"><strong>O momento certo<\/strong><\/h3>\n\n\n\n<p>Ler este tipo de assunto agora, enquanto estruturo novas solu\u00e7\u00f5es, me ajuda na minha transi\u00e7\u00e3o de uma vis\u00e3o operacional para uma vis\u00e3o mais estrategista. As features t\u00e9cnicas saem por um momento e entra a proposta de valor clara.<\/p>\n\n\n\n<p>Obrigado pelo livro, Marcos. Demorei uma d\u00e9cada para ler, sua aula chegou exatamente no momento em que eu tinha maturidade para entend\u00ea-la e aplic\u00e1-la.<\/p>\n\n\n\n<p>Fica a minha recomenda\u00e7\u00e3o para quem ainda acha que marca \u00e9 s\u00f3 um logotipo, e que \u00e0s vezes, o livro que voc\u00ea precisa j\u00e1 est\u00e1 na sua estante.<\/p>\n","protected":false},"excerpt":{"rendered":"<p>Em 2016, ganhei um presente do Marcos Bedendo: o livro Branding para Empreendedores. Na \u00e9poca, agradeci, mas minha cabe\u00e7a estava em outro lugar. Visto que eu estava imerso no operacional, resolvendo problemas de TI, estruturando um e-commerce e focado na automa\u00e7\u00e3o de processos. O livro foi para a estante e a vida aconteceu, novos projetos&hellip;&nbsp;<a href=\"https:\/\/diplan.com.br\/blog\/a-licao-de-branding-que-levei-uma-decada-para-aprender\/\" rel=\"bookmark\">Continue a ler &raquo;<span class=\"screen-reader-text\">A li\u00e7\u00e3o de branding que levei uma d\u00e9cada para aprender<\/span><\/a><\/p>\n","protected":false},"author":1,"featured_media":1240,"comment_status":"closed","ping_status":"closed","sticky":false,"template":"","format":"standard","meta":{"googlesitekit_rrm_CAowwo7fCw:productID":"","neve_meta_sidebar":"","neve_meta_container":"","neve_meta_enable_content_width":"","neve_meta_content_width":0,"neve_meta_title_alignment":"","neve_meta_author_avatar":"","neve_post_elements_order":"","neve_meta_disable_header":"","neve_meta_disable_footer":"","neve_meta_disable_title":"","footnotes":""},"categories":[131,19,145],"tags":[75,117,118],"class_list":["post-1234","post","type-post","status-publish","format-standard","has-post-thumbnail","hentry","category-branding-e-posicionamento","category-estrategia-de-negocios","category-marketing-digital","tag-branding","tag-posicionamento-de-marca","tag-proposta-de-valor"],"yoast_head":"<!-- This site is optimized with the Yoast SEO plugin v27.5 - https:\/\/yoast.com\/product\/yoast-seo-wordpress\/ -->\n<title>A li\u00e7\u00e3o de branding que levei uma d\u00e9cada para aprender - Blog da DIPLAN<\/title>\n<meta name=\"description\" content=\"Descubra a li\u00e7\u00e3o do livro Branding para Empreendedores. Entenda por que marca \u00e9 redu\u00e7\u00e3o de risco e como evoluir de t\u00e9cnico para estrategista.\" \/>\n<meta name=\"robots\" content=\"index, follow, max-snippet:-1, max-image-preview:large, max-video-preview:-1\" \/>\n<link rel=\"canonical\" href=\"https:\/\/diplan.com.br\/blog\/a-licao-de-branding-que-levei-uma-decada-para-aprender\/\" \/>\n<meta property=\"og:locale\" content=\"pt_BR\" \/>\n<meta property=\"og:type\" content=\"article\" \/>\n<meta property=\"og:title\" content=\"A li\u00e7\u00e3o de branding que levei uma d\u00e9cada para aprender - Blog da DIPLAN\" \/>\n<meta property=\"og:description\" content=\"Descubra a li\u00e7\u00e3o do livro Branding para Empreendedores. Entenda por que marca \u00e9 redu\u00e7\u00e3o de risco e como evoluir de t\u00e9cnico para estrategista.\" \/>\n<meta property=\"og:url\" content=\"https:\/\/diplan.com.br\/blog\/a-licao-de-branding-que-levei-uma-decada-para-aprender\/\" \/>\n<meta property=\"og:site_name\" content=\"Blog da DIPLAN\" \/>\n<meta property=\"article:publisher\" content=\"https:\/\/www.facebook.com\/diplaninfo\" \/>\n<meta property=\"article:published_time\" content=\"2026-01-28T01:51:11+00:00\" \/>\n<meta property=\"article:modified_time\" content=\"2026-03-26T09:39:17+00:00\" \/>\n<meta property=\"og:image\" content=\"https:\/\/diplan.com.br\/blog\/wp-content\/uploads\/2026\/01\/branding-para-empreendedores.jpg\" \/>\n\t<meta property=\"og:image:width\" content=\"1024\" \/>\n\t<meta property=\"og:image:height\" content=\"559\" \/>\n\t<meta property=\"og:image:type\" content=\"image\/jpeg\" \/>\n<meta name=\"author\" content=\"Braitner De Faveri\" \/>\n<meta name=\"twitter:card\" content=\"summary_large_image\" \/>\n<script type=\"application\/ld+json\" class=\"yoast-schema-graph\">{\"@context\":\"https:\\\/\\\/schema.org\",\"@graph\":[{\"@type\":\"Article\",\"@id\":\"https:\\\/\\\/diplan.com.br\\\/blog\\\/a-licao-de-branding-que-levei-uma-decada-para-aprender\\\/#article\",\"isPartOf\":{\"@id\":\"https:\\\/\\\/diplan.com.br\\\/blog\\\/a-licao-de-branding-que-levei-uma-decada-para-aprender\\\/\"},\"author\":{\"name\":\"Braitner De Faveri\",\"@id\":\"https:\\\/\\\/diplan.com.br\\\/blog\\\/#\\\/schema\\\/person\\\/a5257f4201a953c176ca5ecafc6afb0c\"},\"headline\":\"A li\u00e7\u00e3o de branding que levei uma d\u00e9cada para aprender\",\"datePublished\":\"2026-01-28T01:51:11+00:00\",\"dateModified\":\"2026-03-26T09:39:17+00:00\",\"mainEntityOfPage\":{\"@id\":\"https:\\\/\\\/diplan.com.br\\\/blog\\\/a-licao-de-branding-que-levei-uma-decada-para-aprender\\\/\"},\"wordCount\":460,\"publisher\":{\"@id\":\"https:\\\/\\\/diplan.com.br\\\/blog\\\/#organization\"},\"image\":{\"@id\":\"https:\\\/\\\/diplan.com.br\\\/blog\\\/a-licao-de-branding-que-levei-uma-decada-para-aprender\\\/#primaryimage\"},\"thumbnailUrl\":\"https:\\\/\\\/diplan.com.br\\\/blog\\\/wp-content\\\/uploads\\\/2026\\\/01\\\/branding-para-empreendedores.jpg\",\"keywords\":[\"Branding\",\"Posicionamento de Marca\",\"Proposta de Valor\"],\"articleSection\":[\"Branding e Posicionamento\",\"Estrat\u00e9gia de Neg\u00f3cios\",\"Marketing Digital\"],\"inLanguage\":\"pt-BR\"},{\"@type\":\"WebPage\",\"@id\":\"https:\\\/\\\/diplan.com.br\\\/blog\\\/a-licao-de-branding-que-levei-uma-decada-para-aprender\\\/\",\"url\":\"https:\\\/\\\/diplan.com.br\\\/blog\\\/a-licao-de-branding-que-levei-uma-decada-para-aprender\\\/\",\"name\":\"A li\u00e7\u00e3o de branding que levei uma d\u00e9cada para aprender - Blog da DIPLAN\",\"isPartOf\":{\"@id\":\"https:\\\/\\\/diplan.com.br\\\/blog\\\/#website\"},\"primaryImageOfPage\":{\"@id\":\"https:\\\/\\\/diplan.com.br\\\/blog\\\/a-licao-de-branding-que-levei-uma-decada-para-aprender\\\/#primaryimage\"},\"image\":{\"@id\":\"https:\\\/\\\/diplan.com.br\\\/blog\\\/a-licao-de-branding-que-levei-uma-decada-para-aprender\\\/#primaryimage\"},\"thumbnailUrl\":\"https:\\\/\\\/diplan.com.br\\\/blog\\\/wp-content\\\/uploads\\\/2026\\\/01\\\/branding-para-empreendedores.jpg\",\"datePublished\":\"2026-01-28T01:51:11+00:00\",\"dateModified\":\"2026-03-26T09:39:17+00:00\",\"description\":\"Descubra a li\u00e7\u00e3o do livro Branding para Empreendedores. Entenda por que marca \u00e9 redu\u00e7\u00e3o de risco e como evoluir de t\u00e9cnico para estrategista.\",\"breadcrumb\":{\"@id\":\"https:\\\/\\\/diplan.com.br\\\/blog\\\/a-licao-de-branding-que-levei-uma-decada-para-aprender\\\/#breadcrumb\"},\"inLanguage\":\"pt-BR\",\"potentialAction\":[{\"@type\":\"ReadAction\",\"target\":[\"https:\\\/\\\/diplan.com.br\\\/blog\\\/a-licao-de-branding-que-levei-uma-decada-para-aprender\\\/\"]}]},{\"@type\":\"ImageObject\",\"inLanguage\":\"pt-BR\",\"@id\":\"https:\\\/\\\/diplan.com.br\\\/blog\\\/a-licao-de-branding-que-levei-uma-decada-para-aprender\\\/#primaryimage\",\"url\":\"https:\\\/\\\/diplan.com.br\\\/blog\\\/wp-content\\\/uploads\\\/2026\\\/01\\\/branding-para-empreendedores.jpg\",\"contentUrl\":\"https:\\\/\\\/diplan.com.br\\\/blog\\\/wp-content\\\/uploads\\\/2026\\\/01\\\/branding-para-empreendedores.jpg\",\"width\":1024,\"height\":559,\"caption\":\"Livro Branding para Empreendedores de Marcos Bedendo, essencial para a estrat\u00e9gia de marca na tecnologia.\"},{\"@type\":\"BreadcrumbList\",\"@id\":\"https:\\\/\\\/diplan.com.br\\\/blog\\\/a-licao-de-branding-que-levei-uma-decada-para-aprender\\\/#breadcrumb\",\"itemListElement\":[{\"@type\":\"ListItem\",\"position\":1,\"name\":\"In\u00edcio\",\"item\":\"https:\\\/\\\/diplan.com.br\\\/blog\\\/\"},{\"@type\":\"ListItem\",\"position\":2,\"name\":\"A li\u00e7\u00e3o de branding que levei uma d\u00e9cada para aprender\"}]},{\"@type\":\"WebSite\",\"@id\":\"https:\\\/\\\/diplan.com.br\\\/blog\\\/#website\",\"url\":\"https:\\\/\\\/diplan.com.br\\\/blog\\\/\",\"name\":\"DIPLAN - Especialista em e-commerce, intelig\u00eancia de dados, consultoria e mentoria\",\"description\":\"Estrat\u00e9gias e reflex\u00f5es sob a \u00f3tica de quem transforma tecnologia em resultado\",\"publisher\":{\"@id\":\"https:\\\/\\\/diplan.com.br\\\/blog\\\/#organization\"},\"potentialAction\":[{\"@type\":\"SearchAction\",\"target\":{\"@type\":\"EntryPoint\",\"urlTemplate\":\"https:\\\/\\\/diplan.com.br\\\/blog\\\/?s={search_term_string}\"},\"query-input\":{\"@type\":\"PropertyValueSpecification\",\"valueRequired\":true,\"valueName\":\"search_term_string\"}}],\"inLanguage\":\"pt-BR\"},{\"@type\":\"Organization\",\"@id\":\"https:\\\/\\\/diplan.com.br\\\/blog\\\/#organization\",\"name\":\"DIPLAN\",\"url\":\"https:\\\/\\\/diplan.com.br\\\/blog\\\/\",\"logo\":{\"@type\":\"ImageObject\",\"inLanguage\":\"pt-BR\",\"@id\":\"https:\\\/\\\/diplan.com.br\\\/blog\\\/#\\\/schema\\\/logo\\\/image\\\/\",\"url\":\"https:\\\/\\\/diplan.com.br\\\/blog\\\/wp-content\\\/uploads\\\/2024\\\/08\\\/logo-1.png\",\"contentUrl\":\"https:\\\/\\\/diplan.com.br\\\/blog\\\/wp-content\\\/uploads\\\/2024\\\/08\\\/logo-1.png\",\"width\":1043,\"height\":293,\"caption\":\"DIPLAN\"},\"image\":{\"@id\":\"https:\\\/\\\/diplan.com.br\\\/blog\\\/#\\\/schema\\\/logo\\\/image\\\/\"},\"sameAs\":[\"https:\\\/\\\/www.facebook.com\\\/diplaninfo\",\"https:\\\/\\\/www.linkedin.com\\\/company\\\/diplan\",\"https:\\\/\\\/www.instagram.com\\\/diplaninfo\",\"https:\\\/\\\/wa.me\\\/5548999183130\"]},{\"@type\":\"Person\",\"@id\":\"https:\\\/\\\/diplan.com.br\\\/blog\\\/#\\\/schema\\\/person\\\/a5257f4201a953c176ca5ecafc6afb0c\",\"name\":\"Braitner De Faveri\",\"image\":{\"@type\":\"ImageObject\",\"inLanguage\":\"pt-BR\",\"@id\":\"https:\\\/\\\/secure.gravatar.com\\\/avatar\\\/b1ef11da0af6e129c8de9f0fb4b6b1f907922dad6c690916b1cbda6c76ba482c?s=96&r=g\",\"url\":\"https:\\\/\\\/secure.gravatar.com\\\/avatar\\\/b1ef11da0af6e129c8de9f0fb4b6b1f907922dad6c690916b1cbda6c76ba482c?s=96&r=g\",\"contentUrl\":\"https:\\\/\\\/secure.gravatar.com\\\/avatar\\\/b1ef11da0af6e129c8de9f0fb4b6b1f907922dad6c690916b1cbda6c76ba482c?s=96&r=g\",\"caption\":\"Braitner De Faveri\"},\"description\":\"Tenho + 25 anos de experi\u00eancia em tecnologia da informa\u00e7\u00e3o. Sou especialista em E-Commerce com + 10 anos de viv\u00eancia.\",\"sameAs\":[\"https:\\\/\\\/braitner.com.br\"],\"url\":\"https:\\\/\\\/diplan.com.br\\\/blog\\\/author\\\/braitner\\\/\"}]}<\/script>\n<!-- \/ Yoast SEO plugin. -->","yoast_head_json":{"title":"A li\u00e7\u00e3o de branding que levei uma d\u00e9cada para aprender - Blog da DIPLAN","description":"Descubra a li\u00e7\u00e3o do livro Branding para Empreendedores. Entenda por que marca \u00e9 redu\u00e7\u00e3o de risco e como evoluir de t\u00e9cnico para estrategista.","robots":{"index":"index","follow":"follow","max-snippet":"max-snippet:-1","max-image-preview":"max-image-preview:large","max-video-preview":"max-video-preview:-1"},"canonical":"https:\/\/diplan.com.br\/blog\/a-licao-de-branding-que-levei-uma-decada-para-aprender\/","og_locale":"pt_BR","og_type":"article","og_title":"A li\u00e7\u00e3o de branding que levei uma d\u00e9cada para aprender - Blog da DIPLAN","og_description":"Descubra a li\u00e7\u00e3o do livro Branding para Empreendedores. Entenda por que marca \u00e9 redu\u00e7\u00e3o de risco e como evoluir de t\u00e9cnico para estrategista.","og_url":"https:\/\/diplan.com.br\/blog\/a-licao-de-branding-que-levei-uma-decada-para-aprender\/","og_site_name":"Blog da DIPLAN","article_publisher":"https:\/\/www.facebook.com\/diplaninfo","article_published_time":"2026-01-28T01:51:11+00:00","article_modified_time":"2026-03-26T09:39:17+00:00","og_image":[{"width":1024,"height":559,"url":"https:\/\/diplan.com.br\/blog\/wp-content\/uploads\/2026\/01\/branding-para-empreendedores.jpg","type":"image\/jpeg"}],"author":"Braitner De Faveri","twitter_card":"summary_large_image","schema":{"@context":"https:\/\/schema.org","@graph":[{"@type":"Article","@id":"https:\/\/diplan.com.br\/blog\/a-licao-de-branding-que-levei-uma-decada-para-aprender\/#article","isPartOf":{"@id":"https:\/\/diplan.com.br\/blog\/a-licao-de-branding-que-levei-uma-decada-para-aprender\/"},"author":{"name":"Braitner De Faveri","@id":"https:\/\/diplan.com.br\/blog\/#\/schema\/person\/a5257f4201a953c176ca5ecafc6afb0c"},"headline":"A li\u00e7\u00e3o de branding que levei uma d\u00e9cada para aprender","datePublished":"2026-01-28T01:51:11+00:00","dateModified":"2026-03-26T09:39:17+00:00","mainEntityOfPage":{"@id":"https:\/\/diplan.com.br\/blog\/a-licao-de-branding-que-levei-uma-decada-para-aprender\/"},"wordCount":460,"publisher":{"@id":"https:\/\/diplan.com.br\/blog\/#organization"},"image":{"@id":"https:\/\/diplan.com.br\/blog\/a-licao-de-branding-que-levei-uma-decada-para-aprender\/#primaryimage"},"thumbnailUrl":"https:\/\/diplan.com.br\/blog\/wp-content\/uploads\/2026\/01\/branding-para-empreendedores.jpg","keywords":["Branding","Posicionamento de Marca","Proposta de Valor"],"articleSection":["Branding e Posicionamento","Estrat\u00e9gia de Neg\u00f3cios","Marketing Digital"],"inLanguage":"pt-BR"},{"@type":"WebPage","@id":"https:\/\/diplan.com.br\/blog\/a-licao-de-branding-que-levei-uma-decada-para-aprender\/","url":"https:\/\/diplan.com.br\/blog\/a-licao-de-branding-que-levei-uma-decada-para-aprender\/","name":"A li\u00e7\u00e3o de branding que levei uma d\u00e9cada para aprender - Blog da DIPLAN","isPartOf":{"@id":"https:\/\/diplan.com.br\/blog\/#website"},"primaryImageOfPage":{"@id":"https:\/\/diplan.com.br\/blog\/a-licao-de-branding-que-levei-uma-decada-para-aprender\/#primaryimage"},"image":{"@id":"https:\/\/diplan.com.br\/blog\/a-licao-de-branding-que-levei-uma-decada-para-aprender\/#primaryimage"},"thumbnailUrl":"https:\/\/diplan.com.br\/blog\/wp-content\/uploads\/2026\/01\/branding-para-empreendedores.jpg","datePublished":"2026-01-28T01:51:11+00:00","dateModified":"2026-03-26T09:39:17+00:00","description":"Descubra a li\u00e7\u00e3o do livro Branding para Empreendedores. Entenda por que marca \u00e9 redu\u00e7\u00e3o de risco e como evoluir de t\u00e9cnico para estrategista.","breadcrumb":{"@id":"https:\/\/diplan.com.br\/blog\/a-licao-de-branding-que-levei-uma-decada-para-aprender\/#breadcrumb"},"inLanguage":"pt-BR","potentialAction":[{"@type":"ReadAction","target":["https:\/\/diplan.com.br\/blog\/a-licao-de-branding-que-levei-uma-decada-para-aprender\/"]}]},{"@type":"ImageObject","inLanguage":"pt-BR","@id":"https:\/\/diplan.com.br\/blog\/a-licao-de-branding-que-levei-uma-decada-para-aprender\/#primaryimage","url":"https:\/\/diplan.com.br\/blog\/wp-content\/uploads\/2026\/01\/branding-para-empreendedores.jpg","contentUrl":"https:\/\/diplan.com.br\/blog\/wp-content\/uploads\/2026\/01\/branding-para-empreendedores.jpg","width":1024,"height":559,"caption":"Livro Branding para Empreendedores de Marcos Bedendo, essencial para a estrat\u00e9gia de marca na tecnologia."},{"@type":"BreadcrumbList","@id":"https:\/\/diplan.com.br\/blog\/a-licao-de-branding-que-levei-uma-decada-para-aprender\/#breadcrumb","itemListElement":[{"@type":"ListItem","position":1,"name":"In\u00edcio","item":"https:\/\/diplan.com.br\/blog\/"},{"@type":"ListItem","position":2,"name":"A li\u00e7\u00e3o de branding que levei uma d\u00e9cada para aprender"}]},{"@type":"WebSite","@id":"https:\/\/diplan.com.br\/blog\/#website","url":"https:\/\/diplan.com.br\/blog\/","name":"DIPLAN - Especialista em e-commerce, intelig\u00eancia de dados, consultoria e mentoria","description":"Estrat\u00e9gias e reflex\u00f5es sob a \u00f3tica de quem transforma tecnologia em resultado","publisher":{"@id":"https:\/\/diplan.com.br\/blog\/#organization"},"potentialAction":[{"@type":"SearchAction","target":{"@type":"EntryPoint","urlTemplate":"https:\/\/diplan.com.br\/blog\/?s={search_term_string}"},"query-input":{"@type":"PropertyValueSpecification","valueRequired":true,"valueName":"search_term_string"}}],"inLanguage":"pt-BR"},{"@type":"Organization","@id":"https:\/\/diplan.com.br\/blog\/#organization","name":"DIPLAN","url":"https:\/\/diplan.com.br\/blog\/","logo":{"@type":"ImageObject","inLanguage":"pt-BR","@id":"https:\/\/diplan.com.br\/blog\/#\/schema\/logo\/image\/","url":"https:\/\/diplan.com.br\/blog\/wp-content\/uploads\/2024\/08\/logo-1.png","contentUrl":"https:\/\/diplan.com.br\/blog\/wp-content\/uploads\/2024\/08\/logo-1.png","width":1043,"height":293,"caption":"DIPLAN"},"image":{"@id":"https:\/\/diplan.com.br\/blog\/#\/schema\/logo\/image\/"},"sameAs":["https:\/\/www.facebook.com\/diplaninfo","https:\/\/www.linkedin.com\/company\/diplan","https:\/\/www.instagram.com\/diplaninfo","https:\/\/wa.me\/5548999183130"]},{"@type":"Person","@id":"https:\/\/diplan.com.br\/blog\/#\/schema\/person\/a5257f4201a953c176ca5ecafc6afb0c","name":"Braitner De Faveri","image":{"@type":"ImageObject","inLanguage":"pt-BR","@id":"https:\/\/secure.gravatar.com\/avatar\/b1ef11da0af6e129c8de9f0fb4b6b1f907922dad6c690916b1cbda6c76ba482c?s=96&r=g","url":"https:\/\/secure.gravatar.com\/avatar\/b1ef11da0af6e129c8de9f0fb4b6b1f907922dad6c690916b1cbda6c76ba482c?s=96&r=g","contentUrl":"https:\/\/secure.gravatar.com\/avatar\/b1ef11da0af6e129c8de9f0fb4b6b1f907922dad6c690916b1cbda6c76ba482c?s=96&r=g","caption":"Braitner De Faveri"},"description":"Tenho + 25 anos de experi\u00eancia em tecnologia da informa\u00e7\u00e3o. Sou especialista em E-Commerce com + 10 anos de viv\u00eancia.","sameAs":["https:\/\/braitner.com.br"],"url":"https:\/\/diplan.com.br\/blog\/author\/braitner\/"}]}},"_links":{"self":[{"href":"https:\/\/diplan.com.br\/blog\/wp-json\/wp\/v2\/posts\/1234","targetHints":{"allow":["GET"]}}],"collection":[{"href":"https:\/\/diplan.com.br\/blog\/wp-json\/wp\/v2\/posts"}],"about":[{"href":"https:\/\/diplan.com.br\/blog\/wp-json\/wp\/v2\/types\/post"}],"author":[{"embeddable":true,"href":"https:\/\/diplan.com.br\/blog\/wp-json\/wp\/v2\/users\/1"}],"replies":[{"embeddable":true,"href":"https:\/\/diplan.com.br\/blog\/wp-json\/wp\/v2\/comments?post=1234"}],"version-history":[{"count":12,"href":"https:\/\/diplan.com.br\/blog\/wp-json\/wp\/v2\/posts\/1234\/revisions"}],"predecessor-version":[{"id":1382,"href":"https:\/\/diplan.com.br\/blog\/wp-json\/wp\/v2\/posts\/1234\/revisions\/1382"}],"wp:featuredmedia":[{"embeddable":true,"href":"https:\/\/diplan.com.br\/blog\/wp-json\/wp\/v2\/media\/1240"}],"wp:attachment":[{"href":"https:\/\/diplan.com.br\/blog\/wp-json\/wp\/v2\/media?parent=1234"}],"wp:term":[{"taxonomy":"category","embeddable":true,"href":"https:\/\/diplan.com.br\/blog\/wp-json\/wp\/v2\/categories?post=1234"},{"taxonomy":"post_tag","embeddable":true,"href":"https:\/\/diplan.com.br\/blog\/wp-json\/wp\/v2\/tags?post=1234"}],"curies":[{"name":"wp","href":"https:\/\/api.w.org\/{rel}","templated":true}]}}